{"id":858,"date":"2021-12-28T21:05:10","date_gmt":"2021-12-29T03:05:10","guid":{"rendered":"http:\/\/www.rodrigocalderongt.com\/?p=858"},"modified":"2021-12-28T21:05:10","modified_gmt":"2021-12-29T03:05:10","slug":"asuetos-y-feriados-para-el-2022","status":"publish","type":"post","link":"https:\/\/www.rodrigocalderongt.com\/index.php\/2021\/12\/28\/asuetos-y-feriados-para-el-2022\/","title":{"rendered":"Asuetos y feriados para el 2022"},"content":{"rendered":"<p>Durante el 2022 \u00bfen qu\u00e9 d\u00edas se podr\u00e1 descansar? Existen varios asuetos que aplican a nivel nacional y otros cuantos que se consideran feriados, es decir, por la feria de la localidad.<\/p>\n<p>Con la ley que promueve el Turismo, Decreto 42-2010, se propon\u00eda correr el d\u00eda de descanso para las festividades del D\u00eda del Trabajo, D\u00eda del Ej\u00e9rcito y D\u00eda de la Revoluci\u00f3n, sin embargo con la sentencia de la Corte de Constitucionalidad seg\u00fan el expediente 5536-2018 dictamin\u00f3 que \u00fanicamente se podr\u00e1 correr el d\u00eda de descanso para el D\u00eda del Ej\u00e9rcito.<\/p>\n<p>Tomando en cuenta lo antes expuesto, los descansos durante el 2022 quedan de la siguiente forma:<\/p>\n<ul>\n<li>S\u00e1bado 01 de enero &#8211; A\u00f1o Nuevo<\/li>\n<li>Jueves 14 al s\u00e1bado 16 de abril &#8211; Semana Santa<\/li>\n<li>Domingo 01 de- mayo &#8211; D\u00eda del trabajo<\/li>\n<li>Lunes 04 de julio &#8211; D\u00eda del ej\u00e9rcito<\/li>\n<li>Lunes 15 de agosto &#8211; Feria Ciudad Guatemala<\/li>\n<li>Jueves 15 de septiembre &#8211; Independencia de Guatemala<\/li>\n<li>Jueves 20 de octubre &#8211; D\u00eda de la Revoluci\u00f3n<\/li>\n<li>Martes 01 de noviembre &#8211; D\u00eda de todos los Santos<\/li>\n<li>S\u00e1bado 24 de diciembre 1\/2 d\u00eda &#8211; Noche Buena<\/li>\n<li>Domingo 25 de diciembre &#8211; Navidad<\/li>\n<li>S\u00e1bado 31 de diciembre 1\/2 d\u00eda &#8211; V\u00edspera a\u00f1o nuevo<\/li>\n<\/ul>\n<p>Recuerda suscribirte a mi blog para recibir notificaciones de pr\u00f3ximos art\u00edculos. Para asesor\u00eda y gestiones, en este y otros temas, me puedes contactar v\u00eda correo electr\u00f3nico a contacto@rodrigocalderongt.com<\/p>\n","protected":false},"excerpt":{"rendered":"<p>Durante el 2022 \u00bfen qu\u00e9 d\u00edas se podr\u00e1 descansar? Existen varios asuetos que aplican a nivel nacional y otros cuantos que se consideran feriados, es decir, por la feria de la localidad. Con la ley que promueve el Turismo, Decreto 42-2010, se propon\u00eda correr el d\u00eda de descanso para las festividades del D\u00eda del Trabajo, &hellip;<\/p>\n<p class=\"read-more\"> <a class=\"\" href=\"https:\/\/www.rodrigocalderongt.com\/index.php\/2021\/12\/28\/asuetos-y-feriados-para-el-2022\/\"> <span class=\"screen-reader-text\">Asuetos y feriados para el 2022<\/span> Read More &raquo;<\/a><\/p>\n","protected":false},"author":1,"featured_media":857,"comment_status":"open","ping_status":"open","sticky":false,"template":"","format":"standard","meta":{"footnotes":""},"categories":[3],"tags":[31,34,32,33],"class_list":["post-858","post","type-post","status-publish","format-standard","has-post-thumbnail","hentry","category-empresas-y-negocios","tag-asuetos","tag-descansos","tag-feriados","tag-recursos-humanos"],"_links":{"self":[{"href":"https:\/\/www.rodrigocalderongt.com\/index.php\/wp-json\/wp\/v2\/posts\/858","targetHints":{"allow":["GET"]}}],"collection":[{"href":"https:\/\/www.rodrigocalderongt.com\/index.php\/wp-json\/wp\/v2\/posts"}],"about":[{"href":"https:\/\/www.rodrigocalderongt.com\/index.php\/wp-json\/wp\/v2\/types\/post"}],"author":[{"embeddable":true,"href":"https:\/\/www.rodrigocalderongt.com\/index.php\/wp-json\/wp\/v2\/users\/1"}],"replies":[{"embeddable":true,"href":"https:\/\/www.rodrigocalderongt.com\/index.php\/wp-json\/wp\/v2\/comments?post=858"}],"version-history":[{"count":1,"href":"https:\/\/www.rodrigocalderongt.com\/index.php\/wp-json\/wp\/v2\/posts\/858\/revisions"}],"predecessor-version":[{"id":859,"href":"https:\/\/www.rodrigocalderongt.com\/index.php\/wp-json\/wp\/v2\/posts\/858\/revisions\/859"}],"wp:featuredmedia":[{"embeddable":true,"href":"https:\/\/www.rodrigocalderongt.com\/index.php\/wp-json\/wp\/v2\/media\/857"}],"wp:attachment":[{"href":"https:\/\/www.rodrigocalderongt.com\/index.php\/wp-json\/wp\/v2\/media?parent=858"}],"wp:term":[{"taxonomy":"category","embeddable":true,"href":"https:\/\/www.rodrigocalderongt.com\/index.php\/wp-json\/wp\/v2\/categories?post=858"},{"taxonomy":"post_tag","embeddable":true,"href":"https:\/\/www.rodrigocalderongt.com\/index.php\/wp-json\/wp\/v2\/tags?post=858"}],"curies":[{"name":"wp","href":"https:\/\/api.w.org\/{rel}","templated":true}]}}